{"id":16708,"date":"2015-01-21T10:15:15","date_gmt":"2015-01-21T10:15:15","guid":{"rendered":"http:\/\/www.bg71.hu\/bg71-wp\/?p=16708"},"modified":"2015-01-21T10:15:15","modified_gmt":"2015-01-21T10:15:15","slug":"hogyan-legyen-szebb-a-napod","status":"publish","type":"post","link":"https:\/\/www.bg71.hu\/bg71-wp\/hogyan-legyen-szebb-a-napod\/","title":{"rendered":"Hogyan legyen szebb a napod?"},"content":{"rendered":"<p>Sokat gondolkodtam azon, hogyan is tudn\u00e9k sokaknak egyszer\u0171en, hat\u00e9konyan seg\u00edteni. Majd saj\u00e1t p\u00e9ld\u00e1mb\u00f3l indultam ki, \u00e9s abb\u00f3l, hogy minden gondolatnak \u00e9s a tudatalattinak teremt\u0151 ereje van, \u00e9s \u00f3ri\u00e1si hat\u00e1sa az \u00e9let\u00fcnkre.<br \/>\nElk\u00e9sz\u00edtettem egy r\u00f6vid sz\u00f6veget, majd bel\u0151le egy kis hanganyagot, amelyet \u00e9rdemes minden reggel meghallgatnia b\u00e1rkinek. Mp3 form\u00e1tumban is el\u00e9rhet\u0151v\u00e9 tettem az emberiseg.hu oldalon, hogy k\u00f6nnyed\u00e9n fel lehessen t\u00f6lteni b\u00e1rmilyen mobiltlefonra, mp3 lej\u00e1tsz\u00f3ra: <a href=\"http:\/\/www.emberiseg.hu\/reggel.mp3\" target=\"_blank\">http:\/\/www.emberiseg.hu\/reggel.mp3<\/a><br \/>\n\u00c9bred\u00e9s ut\u00e1n, felkel\u00e9s el\u0151tt, vagy reggeli zuhanyoz\u00e1s k\u00f6zben, esetleg elindulva iskol\u00e1ba, munk\u00e1ba \u00e9rdemes meghallgatni. Figyelni az \u00e9rtelm\u00e9re &#8211; \u00fajragondolni.<br \/>\nBiztos vagyok benne, hogy el\u0151bb-ut\u00f3bb, sz\u00e9p lassan b\u00e1rkinek v\u00e1ltozhat az \u00e9lete, a mindennapjai ennek hat\u00e1s\u00e1ra. Ezzel kapcsolatos visszajelz\u00e9seket sz\u00edvesen fogadok!<\/p>\n<p><iframe loading=\"lazy\" width=\"1060\" height=\"596\" src=\"https:\/\/www.youtube.com\/embed\/LlYDadpQhuk?feature=oembed\" frameborder=\"0\" allowfullscreen><\/iframe><\/p>\n","protected":false},"excerpt":{"rendered":"<p>Sokat gondolkodtam azon, hogyan is tudn\u00e9k sokaknak egyszer\u0171en, hat\u00e9konyan seg\u00edteni. Majd saj\u00e1t p\u00e9ld\u00e1mb\u00f3l indultam ki, \u00e9s abb\u00f3l, hogy minden gondolatnak \u00e9s a tudatalattinak teremt\u0151 ereje van, \u00e9s \u00f3ri\u00e1si hat\u00e1sa az \u00e9let\u00fcnkre. Elk\u00e9sz\u00edtettem egy r\u00f6vid sz\u00f6veget, majd bel\u0151le egy kis hanganyagot, amelyet \u00e9rdemes minden reggel meghallgatnia&#8230;<\/p>\n","protected":false},"author":1,"featured_media":16710,"comment_status":"open","ping_status":"open","sticky":false,"template":"","format":"standard","meta":{"footnotes":""},"categories":[1],"tags":[],"class_list":["post-16708","post","type-post","status-publish","format-standard","has-post-thumbnail","hentry","category-egyeb"],"_links":{"self":[{"href":"https:\/\/www.bg71.hu\/bg71-wp\/wp-json\/wp\/v2\/posts\/16708","targetHints":{"allow":["GET"]}}],"collection":[{"href":"https:\/\/www.bg71.hu\/bg71-wp\/wp-json\/wp\/v2\/posts"}],"about":[{"href":"https:\/\/www.bg71.hu\/bg71-wp\/wp-json\/wp\/v2\/types\/post"}],"author":[{"embeddable":true,"href":"https:\/\/www.bg71.hu\/bg71-wp\/wp-json\/wp\/v2\/users\/1"}],"replies":[{"embeddable":true,"href":"https:\/\/www.bg71.hu\/bg71-wp\/wp-json\/wp\/v2\/comments?post=16708"}],"version-history":[{"count":1,"href":"https:\/\/www.bg71.hu\/bg71-wp\/wp-json\/wp\/v2\/posts\/16708\/revisions"}],"predecessor-version":[{"id":16711,"href":"https:\/\/www.bg71.hu\/bg71-wp\/wp-json\/wp\/v2\/posts\/16708\/revisions\/16711"}],"wp:featuredmedia":[{"embeddable":true,"href":"https:\/\/www.bg71.hu\/bg71-wp\/wp-json\/wp\/v2\/media\/16710"}],"wp:attachment":[{"href":"https:\/\/www.bg71.hu\/bg71-wp\/wp-json\/wp\/v2\/media?parent=16708"}],"wp:term":[{"taxonomy":"category","embeddable":true,"href":"https:\/\/www.bg71.hu\/bg71-wp\/wp-json\/wp\/v2\/categories?post=16708"},{"taxonomy":"post_tag","embeddable":true,"href":"https:\/\/www.bg71.hu\/bg71-wp\/wp-json\/wp\/v2\/tags?post=16708"}],"curies":[{"name":"wp","href":"https:\/\/api.w.org\/{rel}","templated":true}]}}