{"id":16815,"date":"2015-02-10T11:56:21","date_gmt":"2015-02-10T10:56:21","guid":{"rendered":"http:\/\/www.bg71.hu\/bg71-wp\/?p=16815"},"modified":"2015-02-11T11:58:42","modified_gmt":"2015-02-11T10:58:42","slug":"isten-tenyeren","status":"publish","type":"post","link":"https:\/\/www.bg71.hu\/bg71-wp\/isten-tenyeren\/","title":{"rendered":"Isten tenyer\u00e9n"},"content":{"rendered":"<p>Both G\u00e1bor 6 \u00e9ven kereszt\u00fcl forgatott portr\u00e9filmje, amelyben megelevenedik egy sz\u00e9kely n\u00e9ni \u00e9lete \u00e9s mindennapjai. Sajnos Gizi n\u00e9ni 2014 m\u00e1jusa \u00f3ta m\u00e1r nincs k\u00f6zt\u00fcnk, de ezeken a k\u00e9pkock\u00e1kon \u00e9s a csal\u00e1d eml\u00e9k\u00e9ben \u00f6r\u00f6kk\u00e9 megmarad.<br \/>\nAnaszt\u00e1zia, a Szib\u00e9ri\u00e1ban \u00e9l\u0151 remeten\u0151 arra \u00f6szt\u00f6n\u00f6z mindenkit, hogy k\u00e9sz\u00edtse el a saj\u00e1t csal\u00e1d-k\u00f6nyv\u00e9t. Ez a film r\u00e9szben a csal\u00e1d filmje, hiszen \u00e1ltala gener\u00e1ci\u00f3k sora l\u00e1thatja majd, milyen volt Gizi n\u00e9ni, hogyan \u00e9lt. A m\u00e9g meg nem sz\u00fcletett d\u00e9dunok\u00e1k \u00e9s \u00fckunok\u00e1k is.<\/p>\n<p>Isten tenyer\u00e9n &#8211; a film eredeti c\u00edme &#8220;H\u00e1rom gener\u00e1ci\u00f3&#8221; lett volna, \u00e1m v\u00e9g\u00fcl emellett d\u00f6nt\u00f6ttem. Sokan azt gondolj\u00e1k, Sz\u00e9kelyd\u00e1lya olyan messze esik Magyarorsz\u00e1gt\u00f3l, Budapestt\u0151l, hogy az m\u00e1r az Isten h\u00e1ta m\u00f6g\u00f6tt van. B\u00e1rmily furcsa, a kis falut Isten ink\u00e1bb a tenyer\u00e9n hordozza, noha ezt n\u00e9ha m\u00e9g az ott lak\u00f3k sem \u00edgy l\u00e1tj\u00e1k.<br \/>\n2015. tavasz\u00e1t\u00f3l Gizi n\u00e9ni unok\u00e1j\u00e1val, a feles\u00e9gemmel abban a h\u00e1zban fogunk \u00e9lni, ahol a felv\u00e9telek k\u00e9sz\u00fcltek. Azt a kertet fogjuk ugyanolyan szeretettel gondozni, amit a nagymama is \u00e1polt \u00e9s m\u0171velt hossz\u00fa \u00e9vtizedeken \u00e1t. \u00cdgy tudjuk legink\u00e1bb tov\u00e1bb\u00f6r\u00f6k\u00edteni a szeretet\u00e9t, az eml\u00e9k\u00e9t &#8211; \u00e9s szelleme biztosan seg\u00edteni fog majd benn\u00fcnket.<\/p>\n","protected":false},"excerpt":{"rendered":"<p>Both G\u00e1bor 6 \u00e9ven kereszt\u00fcl forgatott portr\u00e9filmje, amelyben megelevenedik egy sz\u00e9kely n\u00e9ni \u00e9lete \u00e9s mindennapjai. Sajnos Gizi n\u00e9ni 2014 m\u00e1jusa \u00f3ta m\u00e1r nincs k\u00f6zt\u00fcnk, de ezeken a k\u00e9pkock\u00e1kon \u00e9s a csal\u00e1d eml\u00e9k\u00e9ben \u00f6r\u00f6kk\u00e9 megmarad. Anaszt\u00e1zia, a Szib\u00e9ri\u00e1ban \u00e9l\u0151 remeten\u0151 arra \u00f6szt\u00f6n\u00f6z mindenkit, hogy k\u00e9sz\u00edtse el&#8230;<\/p>\n","protected":false},"author":1,"featured_media":16816,"comment_status":"open","ping_status":"open","sticky":false,"template":"","format":"video","meta":{"footnotes":""},"categories":[1],"tags":[],"class_list":["post-16815","post","type-post","status-publish","format-video","has-post-thumbnail","hentry","category-egyeb","post_format-post-format-video"],"_links":{"self":[{"href":"https:\/\/www.bg71.hu\/bg71-wp\/wp-json\/wp\/v2\/posts\/16815","targetHints":{"allow":["GET"]}}],"collection":[{"href":"https:\/\/www.bg71.hu\/bg71-wp\/wp-json\/wp\/v2\/posts"}],"about":[{"href":"https:\/\/www.bg71.hu\/bg71-wp\/wp-json\/wp\/v2\/types\/post"}],"author":[{"embeddable":true,"href":"https:\/\/www.bg71.hu\/bg71-wp\/wp-json\/wp\/v2\/users\/1"}],"replies":[{"embeddable":true,"href":"https:\/\/www.bg71.hu\/bg71-wp\/wp-json\/wp\/v2\/comments?post=16815"}],"version-history":[{"count":1,"href":"https:\/\/www.bg71.hu\/bg71-wp\/wp-json\/wp\/v2\/posts\/16815\/revisions"}],"predecessor-version":[{"id":16817,"href":"https:\/\/www.bg71.hu\/bg71-wp\/wp-json\/wp\/v2\/posts\/16815\/revisions\/16817"}],"wp:featuredmedia":[{"embeddable":true,"href":"https:\/\/www.bg71.hu\/bg71-wp\/wp-json\/wp\/v2\/media\/16816"}],"wp:attachment":[{"href":"https:\/\/www.bg71.hu\/bg71-wp\/wp-json\/wp\/v2\/media?parent=16815"}],"wp:term":[{"taxonomy":"category","embeddable":true,"href":"https:\/\/www.bg71.hu\/bg71-wp\/wp-json\/wp\/v2\/categories?post=16815"},{"taxonomy":"post_tag","embeddable":true,"href":"https:\/\/www.bg71.hu\/bg71-wp\/wp-json\/wp\/v2\/tags?post=16815"}],"curies":[{"name":"wp","href":"https:\/\/api.w.org\/{rel}","templated":true}]}}